{"id":110740,"date":"2020-05-22T12:01:20","date_gmt":"2020-05-22T16:01:20","guid":{"rendered":"https:\/\/www3.prodalam.cl\/?p=110740"},"modified":"2020-05-22T12:01:20","modified_gmt":"2020-05-22T16:01:20","slug":"cubo-de-drenaje-para-aguas-de-lluvia","status":"publish","type":"post","link":"https:\/\/www3.prodalam.cl\/es_cl\/cubo-de-drenaje-para-aguas-de-lluvia\/","title":{"rendered":"Cubo  de Drenaje para  Aguas de Lluvia ."},"content":{"rendered":"<h3><strong>CUBO DE DRENAJE<\/strong><\/h3>\n<p style=\"text-align: left\"><span style=\"font-size: 18px\">M\u00f3dulos\u00a0 fabricados en base a 2 \u00a0placas de polipropileno (A y B) dise\u00f1ado para reempla<\/span><span style=\"font-size: 18px\">zar a las zanjas tradicionales con bolones. Debido al elevado \u00edndice de vac\u00edo del m\u00f3dulo (&gt;90%), permite redu<\/span><img loading=\"lazy\" class=\"wp-image-110741 alignright\" src=\"https:\/\/www3.prodalam.cl\/wp-content\/uploads\/2020\/05\/Cubo-para-Drenaje-1-300x189.jpg\" alt=\"\" width=\"334\" height=\"211\" srcset=\"https:\/\/www3.prodalam.cl\/wp-content\/uploads\/2020\/05\/Cubo-para-Drenaje-1-300x189.jpg 300w, https:\/\/www3.prodalam.cl\/wp-content\/uploads\/2020\/05\/Cubo-para-Drenaje-1.jpg 532w\" sizes=\"(max-width: 334px) 100vw, 334px\" \/><span style=\"font-size: 18px\">cir considerablemente los vol\u00famenes de las zanjas de drenajes en comparaci\u00f3n con los bolones. Su ligero peso permite un transporte\u00a0 e instalaci\u00f3n en obra mucho m\u00e1s r\u00e1pida, limpia y econ\u00f3mica. El armado vertical de cada m\u00f3dulo es \u00edntegramente a presi\u00f3n tipo Lego la cual no requiere amarras de alambres. Sistema de fabricaci\u00f3n nacional y distribuido a lo largo de nuestras red de Sucursales <\/span><a style=\"font-size: 18px\" href=\"https:\/\/www.prodalam.cl\/\">Prod<\/a><a style=\"font-size: 18px\" href=\"https:\/\/www.prodalam.cl\/\">alam<\/a><span style=\"font-size: 18px\"> a nivel nacional.<\/span><\/p>\n<p><strong>\u00a0 \u00a0 \u00a0 \u00a0 \u00a0 \u00a0 \u00a0 \u00a0 \u00a0 \u00a0 \u00a0 \u00a0 \u00a0 \u00a0 \u00a0 \u00a0 \u00a0 \u00a0 \u00a0 \u00a0 \u00a0 \u00a0\u00a0<\/strong><\/p>\n<h3><strong>RESISTENCIAS<\/strong><\/h3>\n<p><span style=\"font-size: 18px\">Para proyectos que requieran una resistencia a la compresi\u00f3n \u00a0desde 15 ton\/m2 se deben colocar 3 placas B por cada m\u00f3dulo.<\/span><\/p>\n<p><strong>\u00a0<\/strong><\/p>\n<p><strong> <img loading=\"lazy\" class=\"alignnone wp-image-110745\" src=\"https:\/\/www3.prodalam.cl\/wp-content\/uploads\/2020\/05\/Cubo-para-Drenaje-5-300x242.jpg\" alt=\"\" width=\"257\" height=\"207\" srcset=\"https:\/\/www3.prodalam.cl\/wp-content\/uploads\/2020\/05\/Cubo-para-Drenaje-5-300x242.jpg 300w, https:\/\/www3.prodalam.cl\/wp-content\/uploads\/2020\/05\/Cubo-para-Drenaje-5.jpg 303w\" sizes=\"(max-width: 257px) 100vw, 257px\" \/> \u00a0 \u00a0 \u00a0 \u00a0 \u00a0 \u00a0 \u00a0 \u00a0 \u00a0 <img loading=\"lazy\" class=\"alignnone wp-image-110746\" src=\"https:\/\/www3.prodalam.cl\/wp-content\/uploads\/2020\/05\/Cubo-para-Drenaje-6-283x300.jpg\" alt=\"\" width=\"208\" height=\"220\" srcset=\"https:\/\/www3.prodalam.cl\/wp-content\/uploads\/2020\/05\/Cubo-para-Drenaje-6-283x300.jpg 283w, https:\/\/www3.prodalam.cl\/wp-content\/uploads\/2020\/05\/Cubo-para-Drenaje-6.jpg 284w\" sizes=\"(max-width: 208px) 100vw, 208px\" \/> \u00a0 \u00a0 \u00a0 \u00a0 \u00a0 \u00a0 \u00a0 \u00a0 \u00a0 \u00a0 <img loading=\"lazy\" class=\"alignnone wp-image-110747\" src=\"https:\/\/www3.prodalam.cl\/wp-content\/uploads\/2020\/05\/Cubo-para-Drenaje-7-240x300.jpg\" alt=\"\" width=\"180\" height=\"225\" srcset=\"https:\/\/www3.prodalam.cl\/wp-content\/uploads\/2020\/05\/Cubo-para-Drenaje-7-240x300.jpg 240w, https:\/\/www3.prodalam.cl\/wp-content\/uploads\/2020\/05\/Cubo-para-Drenaje-7.jpg 274w\" sizes=\"(max-width: 180px) 100vw, 180px\" \/><\/strong><\/p>\n<p><strong>\u00a0<\/strong><\/p>\n<p><span style=\"font-size: 18px\">Para proyectos que requieran una resistencia a la compresi\u00f3n\u00a0 de 27 ton\/m2 se deben colocar 5 placas B por cada m\u00f3dulo de acuerdo al siguiente dise\u00f1o de cubos de drenaje.<\/span><\/p>\n<p><strong><br \/>\n<img loading=\"lazy\" class=\"alignnone wp-image-110748\" src=\"https:\/\/www3.prodalam.cl\/wp-content\/uploads\/2020\/05\/cubo-de-drenaje-8-300x254.png\" alt=\"\" width=\"254\" height=\"215\" \/> \u00a0 \u00a0 \u00a0 \u00a0 \u00a0 <img loading=\"lazy\" class=\"alignnone wp-image-110749\" src=\"https:\/\/www3.prodalam.cl\/wp-content\/uploads\/2020\/05\/cubo-de-drenaje-8.png-300x254.jpg\" alt=\"\" width=\"243\" height=\"205\" \/> \u00a0 \u00a0 \u00a0 \u00a0 \u00a0 \u00a0 <img loading=\"lazy\" class=\"alignnone wp-image-110750\" src=\"https:\/\/www3.prodalam.cl\/wp-content\/uploads\/2020\/05\/cubo-de-drenaje-9--300x295.jpg\" alt=\"\" width=\"217\" height=\"213\" srcset=\"https:\/\/www3.prodalam.cl\/wp-content\/uploads\/2020\/05\/cubo-de-drenaje-9--300x295.jpg 300w, https:\/\/www3.prodalam.cl\/wp-content\/uploads\/2020\/05\/cubo-de-drenaje-9-.jpg 301w\" sizes=\"(max-width: 217px) 100vw, 217px\" \/> <\/strong><strong>\u00a0<\/strong><\/p>\n<p>&nbsp;<\/p>\n<h3><strong>\u00a0ARMADO VERTICAL TIPO LEGO<\/strong><\/h3>\n<p><span style=\"font-size: 18px\">Los m\u00f3dulos se unen en la vertical simplemente a presi\u00f3n tipo LEGO en m\u00faltiplos de 40,5 cent\u00edmetros sin la necesidad de utilizar amarras de alambres u otros elementos. Esta condici\u00f3n permitir\u00e1 una instalaci\u00f3n m\u00e1s r\u00e1pida y econ\u00f3mica.<\/span><\/p>\n<p>&nbsp;<\/p>\n<p><img loading=\"lazy\" class=\"wp-image-110751 aligncenter\" src=\"https:\/\/www3.prodalam.cl\/wp-content\/uploads\/2020\/05\/cubo-de-drenaje-11-300x154.jpg\" alt=\"\" width=\"409\" height=\"210\" srcset=\"https:\/\/www3.prodalam.cl\/wp-content\/uploads\/2020\/05\/cubo-de-drenaje-11-300x154.jpg 300w, https:\/\/www3.prodalam.cl\/wp-content\/uploads\/2020\/05\/cubo-de-drenaje-11.jpg 589w\" sizes=\"(max-width: 409px) 100vw, 409px\" \/><\/p>\n<h3><strong>ALTURA Y VOLUMEN SEG\u00daN TIPO DE M\u00d3DULO. <\/strong><\/h3>\n<p><img loading=\"lazy\" class=\"wp-image-110752 aligncenter\" src=\"https:\/\/www3.prodalam.cl\/wp-content\/uploads\/2020\/05\/cubo-de-drenaje-12-300x164.jpg\" alt=\"\" width=\"296\" height=\"162\" srcset=\"https:\/\/www3.prodalam.cl\/wp-content\/uploads\/2020\/05\/cubo-de-drenaje-12-300x164.jpg 300w, https:\/\/www3.prodalam.cl\/wp-content\/uploads\/2020\/05\/cubo-de-drenaje-12.jpg 477w\" sizes=\"(max-width: 296px) 100vw, 296px\" \/><\/p>\n<h3><strong>CONTROL DE CALIDAD <\/strong><\/h3>\n<p>&nbsp;<\/p>\n<p style=\"text-align: left\"><span style=\"font-size: 18px\">Todos los m\u00f3dulos de nuestro\u00a0 Cubo de drenaje\u00a0 son fabricados 100% con Polipropileno reciclado homog\u00e9neo lo cual constituye un aporte al medio ambiente.\u00a0 Los m\u00f3dulos son enviados a laboratorios independientes peri\u00f3dicamente\u00a0 para conocer sus resistencias de compresi\u00f3n y porcentaje de vac\u00edo. La materia prima utilizada es\u00a0 certificada por los respectivos proveedores la cual cumplen con la normativa vigente de la seremi de Salud.<\/span><\/p>\n<p style=\"text-align: left\"><span style=\"font-size: 18px\">Nuestros cubos de drenaje cuentan con la validaci\u00f3n de Serviu y con ensayos de laboratorios nacionales para garantizar funcionamiento en cada una de las obras . En Prodalam podemos ofrecer el Geotextil no tejido\u00a0 <a href=\"https:\/\/www3.prodalam.cl\/es_cl\/geotextil-prodalam\/\">Mactex<\/a> para retener los sedimentos y darle paso al agua a trav\u00e9s de los cubos de drenaje.\u00a0<\/span><\/p>\n<p><img loading=\"lazy\" class=\"wp-image-110753 aligncenter\" src=\"https:\/\/www3.prodalam.cl\/wp-content\/uploads\/2020\/05\/cubo-de-drenaje-13.jpg\" alt=\"\" width=\"196\" height=\"196\" srcset=\"https:\/\/www3.prodalam.cl\/wp-content\/uploads\/2020\/05\/cubo-de-drenaje-13.jpg 225w, https:\/\/www3.prodalam.cl\/wp-content\/uploads\/2020\/05\/cubo-de-drenaje-13-150x150.jpg 150w, https:\/\/www3.prodalam.cl\/wp-content\/uploads\/2020\/05\/cubo-de-drenaje-13-100x100.jpg 100w\" sizes=\"(max-width: 196px) 100vw, 196px\" \/><\/p>\n<p>&nbsp;<\/p>","protected":false},"excerpt":{"rendered":"<p>CUBO DE DRENAJE M\u00f3dulos\u00a0 fabricados en base a 2 \u00a0placas de polipropileno (A y B) dise\u00f1ado para reemplazar a las zanjas tradicionales con bolones. Debido al elevado \u00edndice de vac\u00edo del m\u00f3dulo (&gt;90%), permite reducir considerablemente los vol\u00famenes de las zanjas de drenajes en comparaci\u00f3n&#8230;<\/p>","protected":false},"author":2,"featured_media":0,"comment_status":"closed","ping_status":"closed","sticky":false,"template":"","format":"standard","meta":[],"categories":[178],"tags":[290,288,93,289],"_links":{"self":[{"href":"https:\/\/www3.prodalam.cl\/es_cl\/wp-json\/wp\/v2\/posts\/110740"}],"collection":[{"href":"https:\/\/www3.prodalam.cl\/es_cl\/wp-json\/wp\/v2\/posts"}],"about":[{"href":"https:\/\/www3.prodalam.cl\/es_cl\/wp-json\/wp\/v2\/types\/post"}],"author":[{"embeddable":true,"href":"https:\/\/www3.prodalam.cl\/es_cl\/wp-json\/wp\/v2\/users\/2"}],"replies":[{"embeddable":true,"href":"https:\/\/www3.prodalam.cl\/es_cl\/wp-json\/wp\/v2\/comments?post=110740"}],"version-history":[{"count":8,"href":"https:\/\/www3.prodalam.cl\/es_cl\/wp-json\/wp\/v2\/posts\/110740\/revisions"}],"predecessor-version":[{"id":110762,"href":"https:\/\/www3.prodalam.cl\/es_cl\/wp-json\/wp\/v2\/posts\/110740\/revisions\/110762"}],"wp:attachment":[{"href":"https:\/\/www3.prodalam.cl\/es_cl\/wp-json\/wp\/v2\/media?parent=110740"}],"wp:term":[{"taxonomy":"category","embeddable":true,"href":"https:\/\/www3.prodalam.cl\/es_cl\/wp-json\/wp\/v2\/categories?post=110740"},{"taxonomy":"post_tag","embeddable":true,"href":"https:\/\/www3.prodalam.cl\/es_cl\/wp-json\/wp\/v2\/tags?post=110740"}],"curies":[{"name":"wp","href":"https:\/\/api.w.org\/{rel}","templated":true}]}}