{"id":3139,"date":"2019-01-25T12:36:55","date_gmt":"2019-01-25T15:36:55","guid":{"rendered":"https:\/\/www3.prodalam.cl\/?p=3139"},"modified":"2025-04-30T14:33:20","modified_gmt":"2025-04-30T18:33:20","slug":"geotextil-prodalam","status":"publish","type":"post","link":"https:\/\/www3.prodalam.cl\/es_cl\/geotextil-prodalam\/","title":{"rendered":"GEOTEXTILES &#8211; MACTEX\u00ae"},"content":{"rendered":"<h1 style=\"text-align: center;\"><span style=\"font-size: 36px;\"><strong><u>Geotextil\u00a0<\/u><\/strong><\/span><\/h1>\n<p>Es un material textil\u00a0 no tejido plano, permeable y flexible producido con fibras cortas de poli\u00e9ster de primera calidad y forma parte de la familia de los Geosint\u00e9ticos.\u00a0 Hoy en d\u00eda la aplicaci\u00f3n del geotextil se encuentra en los sectores de construcci\u00f3n, miner\u00eda, agricultura y vialidad y sus principales funciones est\u00e1n definidas dentro del manual de carretera.<\/p>\n<h2 style=\"text-align: center;\"><span style=\"font-size: 21px;\">APLICACIONES GEOTEXTILES<\/span><\/h2>\n<ul>\n<li><strong><u>Control De Erosi\u00f3n<\/u><\/strong><strong>: <\/strong>\u00a0\u00a0Una excelente soluci\u00f3n para proteger el suelo superficial contra la erosi\u00f3n.\u00a0 Las propiedades que debe cumplir el geotextil est\u00e1n definidas en la tabla\u00a0 5.204.202.D del Manual de Carretera.<\/li>\n<li><strong><u>Estabilizaci\u00f3n de Suelos:\u00a0<\/u><\/strong>\u00a0Mejora considerablemente las propiedades mec\u00e1nicas del suelo \u00a0\u00a0\u00a0y debe contar con al menos 200 gr\/m2. Las propiedades que debe cumplir la soluci\u00f3n est\u00e1n definidas en la tabla\u00a0 5.204.202.A del Manual de Carretera.<\/li>\n<li><strong><u><img loading=\"lazy\" class=\"size-medium wp-image-3145 alignright\" src=\"https:\/\/www3.prodalam.cl\/wp-content\/uploads\/2019\/01\/geotextil-6-300x217.jpg\" alt=\"\" width=\"300\" height=\"217\" srcset=\"https:\/\/www3.prodalam.cl\/wp-content\/uploads\/2019\/01\/geotextil-6-300x217.jpg 300w, https:\/\/www3.prodalam.cl\/wp-content\/uploads\/2019\/01\/geotextil-6.jpg 698w\" sizes=\"(max-width: 300px) 100vw, 300px\" \/>Separaci\u00f3n de Materiales:<\/u><\/strong>Impide que dos o mas tipos de suelo se mezclen entre si, de esta forma el material debe contar con al menos\u00a0 150 gr\/m2. Las propiedades que debe cumplir el este\u00a0geosint\u00e9tico est\u00e1n definidas en la tabla\u00a0 5.204.202. B del Manual de Carretera.<\/li>\n<li><strong><u>Drenaje:<\/u><\/strong>\u00a0 Permite la conducci\u00f3n de fluidos a trav\u00e9s del geotextil, este material debe contar con 150 gr\/m2. Las propiedades que debe cumplir el geotextil est\u00e1n definidas en la tabla 5.204.202.C del Manual de Carretera.<\/li>\n<\/ul>\n<p><img loading=\"lazy\" class=\"wp-image-3144 alignleft\" src=\"https:\/\/www3.prodalam.cl\/wp-content\/uploads\/2019\/01\/Geotextil-5-300x145.jpg\" alt=\"\" width=\"312\" height=\"151\" srcset=\"https:\/\/www3.prodalam.cl\/wp-content\/uploads\/2019\/01\/Geotextil-5-300x145.jpg 300w, https:\/\/www3.prodalam.cl\/wp-content\/uploads\/2019\/01\/Geotextil-5.jpg 727w\" sizes=\"(max-width: 312px) 100vw, 312px\" \/><\/p>\n<ul>\n<li style=\"text-align: left;\"><strong><u> Relleno Estructural Liviano:<\/u><\/strong>\u00a0Cumpliendo con la tabla\u00a0 tabla\u00a0 5.204.202. E del Manual de Carretera.<\/li>\n<\/ul>\n<p>As\u00ed mismo este geosint\u00e9tico se aplican en la protecci\u00f3n de materiales en obras geot\u00e9cnicas y de impermeablizaci\u00f3n como lo es en el caso de la Geomembrana, construcci\u00f3n de muros en<a href=\"https:\/\/www3.prodalam.cl\/es_cl\/gaviones-2\/\"> gaviones\u00a0<\/a> y como complemento en sistemas de <a href=\"https:\/\/www3.prodalam.cl\/es_cl\/geocompuesto-drenante-macdrain\/\">Geocompuestos Drenante<\/a>, cubos de drenaje, entre otros.<\/p>\n<p><img loading=\"lazy\" class=\"size-medium wp-image-3140 alignright\" src=\"https:\/\/www3.prodalam.cl\/wp-content\/uploads\/2019\/01\/geotexil-9-300x218.jpg\" alt=\"\" width=\"300\" height=\"218\" srcset=\"https:\/\/www3.prodalam.cl\/wp-content\/uploads\/2019\/01\/geotexil-9-300x218.jpg 300w, https:\/\/www3.prodalam.cl\/wp-content\/uploads\/2019\/01\/geotexil-9.jpg 569w\" sizes=\"(max-width: 300px) 100vw, 300px\" \/><\/p>\n<p>En Prodalam contamos geotextiles que tienen los siguientes gramajes: 130, 150, 200, 250, 300, 400 y 500 gr\/m2. As\u00ed mismo cuentan con excelentes est\u00e1ndares de calidad en sus procesos de fabricaci\u00f3n y distribuci\u00f3n por parte de nuestro fabricante y aliado comercial Maccaferri.<\/p>\n<p>&nbsp;<\/p>\n<p>&nbsp;<\/p>\n<p>&nbsp;<\/p>\n<p>&nbsp;<\/p>\n<h1 style=\"text-align: center;\"><span style=\"color: #3366ff;\">Cont\u00e1ctanos:<\/span><\/h1>\n<p style=\"text-align: center;\"><div role=\"form\" class=\"wpcf7\" id=\"wpcf7-f270-o1\" lang=\"es-ES\" dir=\"ltr\">\n<div class=\"screen-reader-response\"><\/div>\n<form action=\"\/es_cl\/wp-json\/wp\/v2\/posts\/3139#wpcf7-f270-o1\" method=\"post\" class=\"wpcf7-form\" novalidate=\"novalidate\" data-trp-original-action=\"\/es_cl\/wp-json\/wp\/v2\/posts\/3139#wpcf7-f270-o1\">\n<div style=\"display: none;\">\n<input type=\"hidden\" name=\"_wpcf7\" value=\"270\" \/>\n<input type=\"hidden\" name=\"_wpcf7_version\" value=\"5.1.1\" \/>\n<input type=\"hidden\" name=\"_wpcf7_locale\" value=\"es_ES\" \/>\n<input type=\"hidden\" name=\"_wpcf7_unit_tag\" value=\"wpcf7-f270-o1\" \/>\n<input type=\"hidden\" name=\"_wpcf7_container_post\" value=\"0\" \/>\n<input type=\"hidden\" name=\"g-recaptcha-response\" value=\"\" \/>\n<\/div>\n<p><label> Nombre*<br \/>\n    <span class=\"wpcf7-form-control-wrap nombre\"><input type=\"text\" name=\"nombre\" value=\"\" size=\"40\" class=\"wpcf7-form-control wpcf7-text wpcf7-validates-as-required\" aria-required=\"true\" aria-invalid=\"false\" \/><\/span> <\/label><\/p>\n<p><label> Email*<br \/>\n    <span class=\"wpcf7-form-control-wrap email\"><input type=\"email\" name=\"email\" value=\"\" size=\"40\" class=\"wpcf7-form-control wpcf7-text wpcf7-email wpcf7-validates-as-required wpcf7-validates-as-email\" aria-required=\"true\" aria-invalid=\"false\" \/><\/span> <\/label><\/p>\n<p><label> Tel\u00e9fono*<br \/>\n    <span class=\"wpcf7-form-control-wrap tel\"><input type=\"tel\" name=\"tel\" value=\"\" size=\"40\" class=\"wpcf7-form-control wpcf7-text wpcf7-tel wpcf7-validates-as-required wpcf7-validates-as-tel\" aria-required=\"true\" aria-invalid=\"false\" \/><\/span> <\/label><\/p>\n<p><label> Mensaje*<br \/>\n    <span class=\"wpcf7-form-control-wrap your-message\"><textarea name=\"your-message\" cols=\"40\" rows=\"10\" class=\"wpcf7-form-control wpcf7-textarea wpcf7-validates-as-required\" aria-required=\"true\" aria-invalid=\"false\"><\/textarea><\/span> <\/label><\/p>\n<p><input type=\"submit\" value=\"Enviar\" class=\"wpcf7-form-control wpcf7-submit\" \/><\/p>\n<div class=\"wpcf7-response-output wpcf7-display-none\"><\/div><input type=\"hidden\" name=\"trp-form-language\" value=\"es_cl\"\/><\/form><\/div><\/p>\n<div id=\"gtx-trans\" style=\"position: absolute; left: 702px; top: 1032.78px;\">\n<div class=\"gtx-trans-icon\"><\/div>\n<\/div>","protected":false},"excerpt":{"rendered":"<p>Geotextil\u00a0 Es un material textil\u00a0 no tejido plano, permeable y flexible producido con fibras cortas de poli\u00e9ster de primera calidad y forma parte de la familia de los Geosint\u00e9ticos.\u00a0 Hoy en d\u00eda la aplicaci\u00f3n del geotextil se encuentra en los sectores de construcci\u00f3n, miner\u00eda, agricultura&#8230;<\/p>","protected":false},"author":2,"featured_media":3151,"comment_status":"closed","ping_status":"closed","sticky":false,"template":"","format":"standard","meta":[],"categories":[96],"tags":[97,93,94,95,99,98],"_links":{"self":[{"href":"https:\/\/www3.prodalam.cl\/es_cl\/wp-json\/wp\/v2\/posts\/3139"}],"collection":[{"href":"https:\/\/www3.prodalam.cl\/es_cl\/wp-json\/wp\/v2\/posts"}],"about":[{"href":"https:\/\/www3.prodalam.cl\/es_cl\/wp-json\/wp\/v2\/types\/post"}],"author":[{"embeddable":true,"href":"https:\/\/www3.prodalam.cl\/es_cl\/wp-json\/wp\/v2\/users\/2"}],"replies":[{"embeddable":true,"href":"https:\/\/www3.prodalam.cl\/es_cl\/wp-json\/wp\/v2\/comments?post=3139"}],"version-history":[{"count":23,"href":"https:\/\/www3.prodalam.cl\/es_cl\/wp-json\/wp\/v2\/posts\/3139\/revisions"}],"predecessor-version":[{"id":111253,"href":"https:\/\/www3.prodalam.cl\/es_cl\/wp-json\/wp\/v2\/posts\/3139\/revisions\/111253"}],"wp:featuredmedia":[{"embeddable":true,"href":"https:\/\/www3.prodalam.cl\/es_cl\/wp-json\/wp\/v2\/media\/3151"}],"wp:attachment":[{"href":"https:\/\/www3.prodalam.cl\/es_cl\/wp-json\/wp\/v2\/media?parent=3139"}],"wp:term":[{"taxonomy":"category","embeddable":true,"href":"https:\/\/www3.prodalam.cl\/es_cl\/wp-json\/wp\/v2\/categories?post=3139"},{"taxonomy":"post_tag","embeddable":true,"href":"https:\/\/www3.prodalam.cl\/es_cl\/wp-json\/wp\/v2\/tags?post=3139"}],"curies":[{"name":"wp","href":"https:\/\/api.w.org\/{rel}","templated":true}]}}